{"id":504625,"date":"2022-05-06T19:04:37","date_gmt":"2022-05-06T19:04:37","guid":{"rendered":"http:\/\/yorunoteiou.com\/?p=504625"},"modified":"2022-05-06T19:04:37","modified_gmt":"2022-05-06T19:04:37","slug":"cita-previa-para-solicitudes-de-asilo","status":"publish","type":"post","link":"https:\/\/yorunoteiou.com\/?p=504625","title":{"rendered":"Cita Previa Para Solicitudes De Asilo"},"content":{"rendered":"<h1>Cita Previa Para Solicitudes De Asilo<\/h1>\n<h2>Ya est\u00e1 libre el enlace para pedir citas anteriores para realizar algunos tr\u00e1mites en la Oficina de Asilo y Refugio (OAR) sita en la C\/ Pradillo.<\/h2>\n<p>Seg\u00fan la informaci\u00f3n facilitada por la Subdirecci\u00f3n General de Protecci\u00f3n Internacional (Ministerio del Interior), la p\u00e1gina mediante la que se podr\u00e1 solicitar cita previa para realizar diversos tr\u00e1mites en la <strong>sede de calle Pradillo de la OAR<\/strong> es la siguiente:<\/p>\n<\/p>\n<p>Por tanto,  <a href=\"https:\/\/empiricaltherapeutics.com\/index.php\/Benutzer:KatherineHatfiel\">renovacion nie comunitario cita previa<\/a> para los que necesiten cita para la primera entrevista deber\u00e1n llamar al sesenta, al tiempo que para el resto de opciones podr\u00e1n obtenerse por internet.<\/p>\n<\/p>\n<p><strong>Las opciones posibles son las siguientes:<\/strong><\/p>\n<ul>\n<li>ASILO \u2013 OFICINA DE ASILO Y REFUGIO.<strong>\u00a0Entrevista trabajador\/a social. Calle Pradillo.<\/strong><\/li>\n<li>ASILO \u2013 OFICINA DE ASILO Y REFUGIO.<strong>\u00a0Expedici\u00f3n \/ renovaci\u00f3n de documentos. Calle Pradillo.<\/strong><\/li>\n<li>ASILO \u2013 OFICINA DE ASILO Y REFUGIO.<strong>\u00a0Informaci\u00f3n \u00a0\/ entrega de documentaci\u00f3n. Calle Pradillo.<\/strong><\/li>\n<\/ul>\n<p>Se trata de un servicio de atenci\u00f3n efectuada por profesionales del trabajo social, con la meta de dar a conocer a los demandantes y beneficiarios de protecci\u00f3n internacional los recursos existentes, los procedimientos para acceder a ellos y, en su caso, <a href=\"https:\/\/www.newsweek.com\/search\/site\/administrar\">administrar<\/a> el acceso al sistema de acogida, aparte de suministrar informaci\u00f3n sobre las alternativas disponibles ante determinadas necesidades sociales.<\/p>\n<p><strong>Requisitos para acceder al sistema de acogida:<\/strong><\/p>\n<ul>\n<li>Ser demandante o beneficiario de protecci\u00f3n internacional en Espa\u00f1a.<\/li>\n<li>No ser nacional de un pa\u00eds de la Uni\u00f3n Europea.<\/li>\n<li>Carecer de recursos econ\u00f3micos para atender sus necesidades y las de la unidad de convivencia.<\/li>\n<li>No haber sido destinatario de las posibilidades ofrecidas en el Sistema de Acogida por el periodo m\u00e1ximo de percepci\u00f3n estipulado.<\/li>\n<li>Aceptaci\u00f3n de las normas y cumplimiento de los compromisos establecidos en los contratos de participaci\u00f3n.<\/li>\n<\/ul>\n<p><strong>\u00a0Actuaciones:<\/strong><\/p>\n<ul>\n<li>Detecci\u00f3n de necesidades y\/o vulnerabilidades y valoraci\u00f3n de la situaci\u00f3n de las personas atendidas para su posterior derivaci\u00f3n, si procede a los servicios del Sistema.<\/li>\n<li>Informaci\u00f3n y orientaci\u00f3n sobre aspectos sociales y otros recursos disponibles.<\/li>\n<\/ul>\n<p><strong>IMPORTANTE:\u00a0<\/strong>La cita con el Trabajador Social es para todos y cada uno de los miembros de la unidad familiar. No es necesario solicitar una cita independiente para cada uno. Tienen que asistir a la entrevista con el trabajador social todos y cada uno de los miembros de la familia para los que se solicita cita, incluidos los menores de edad.<\/p>\n<p>Se suplica ser puntual en la hora asignada puesto que de los contrario puede que no se pueda atender ese d\u00eda.<\/p>\n<p>En el resto de provincias espa\u00f1olas existen entidades que se encargan de realizar estas funciones (CEAR, ACCEM y Cruz Roja), por lo que si es residente en alguna localidad fuera de Madrid deber\u00e1 pedir cita en las mismas para ser atendido.<\/p>\n<h3>2- ASILO: Expedici\u00f3n\/Renovaci\u00f3n de documentos<\/h3>\n<p>Se aconseja revisar la fecha de expiraci\u00f3n del documento para eludir la situaci\u00f3n de indocumentaci\u00f3n.<\/p>\n<p><strong>Derechos del solicitante:<\/strong><\/p>\n<ul>\n<li>a ser documentado como demandante de protecci\u00f3n internacional;<\/li>\n<li>a asistencia jur\u00eddica gratuita e int\u00e9rprete.<\/p>\n<\/li>\n<li>a que se comunique su solicitud al ACNUR;<\/p>\n<\/li>\n<li>a la suspensi\u00f3n de cualquier proceso de devoluci\u00f3n, expulsi\u00f3n o extradici\u00f3n que pudiera afectar al solicitante;<\/li>\n<li>a conocer el contenido del expediente en cualquier momento;<\/li>\n<li>a la atenci\u00f3n sanitaria en las condiciones expuestas;<\/li>\n<li>a recibir posibilidades sociales espec\u00edficas en los t\u00e9rminos que se recogen en esta Ley.<\/li>\n<\/ul>\n<p><strong>Obligaciones del solicitante:<\/strong><\/p>\n<p><img decoding=\"async\" src=\"https:\/\/cdn.slidesharecdn.com\/ss_thumbnails\/tareas11deabrilde20112-110411112744-phpapp02-thumbnail-3.jpg\" style=\"max-width:400px;float:left;padding:10px 10px 10px 0px;border:0px\"><\/p>\n<ul>\n<li>cooperar con las autoridades espa\u00f1olas en el procedimiento para la concesi\u00f3n de protecci\u00f3n internacional;<\/li>\n<li>presentar, cuanto antes, todos aquellos elementos que, junto a su decleraci\u00f3n,  sede electr\u00f3nica de extranjer\u00eda cita previa contribuyan a fundamentar su petici\u00f3n. Entre otros muchos,  cita previa certificado ue van a poder presentar la documentaci\u00f3n de que dispongan sobre su edad, pasado -incluido el de parientes relacionados-, identidad, nacionalidad o bien nacionalidades, lugares de precedente vivienda, solicitudes de protecci\u00f3n internacional previas, itinerarios de viaje, documentos de viaje y motivos por los que solicita la protecci\u00f3n;<\/li>\n<li>proprocionar sus impresiones dactilares, permitir ser fotografiados, y en su caso, permitir que sean grabadas sus declaraciones, siempre y cuando hayan sido anteriormente informados sobre este \u00faltimo extremo;<\/li>\n<li>informar sobre su domicilio en Espa\u00f1a y cualquier cambio que se produzca en \u00e9l;<\/li>\n<li>informar, asimismo, a la autoridad eficiente o comparecer ante ella, cuando as\u00ed se les requiera con relaci\u00f3n a cualquier circunstancia de su solicitud.<\/li>\n<\/ul>\n<p><strong>IMPORTANTE:\u00a0<\/strong>El documento justificativo sobre la cita que se consigue al final del proceso, no autoriza la estancia ni la residencia en Espa\u00f1a.<\/p>\n<p><strong>MUY IMPORTANTE:<\/strong>\u00a0Va a deber introducir en el campo\u00a0\u00abMotivo o bien tipo de petici\u00f3n de la cita\u00bb,\u00a0la pr\u00f3xima informaci\u00f3n adicional:<\/p>\n<ul>\n<li>N\u00ba de expediente de protecci\u00f3n internacional (si ya lo tiene)<\/li>\n<li>Sexo<\/li>\n<li>Idioma<\/li>\n<li>Domicilio (A lo largo de todo el procedimiento se debe informar de cualquier cambio de domicilio.)<\/li>\n<\/ul>\n<h3>3-ASILO: Informaci\u00f3n\/Entrega de documentaci\u00f3n<\/h3>\n<p>Tr\u00e1mite para percibir informaci\u00f3n acerca del estado de la tramitaci\u00f3n del expediente del solicitante o para agregar documentaci\u00f3n al expediente.<\/p>\n<p>Se recuerda que los documentos que los interesados dirijan a los \u00f3rganos de las Administraciones P\u00fablicas van a poder prsentarse:<\/p>\n<ul>\n<li>En el registro de la Administraci\u00f3n o bien Organismo al que se dirijan, as\u00ed como en los sobrantes registros electr\u00f3nicos de la Administraci\u00f3n General del Estado, las Administraciones de las Comunidades Aut\u00f3nomas, las Entidades que integral la Administraci\u00f3n Local y el \u00e1mbito p\u00fablico institucional.<\/li>\n<li>En las oficinas de Correos.<\/li>\n<li>En las representaciones diplom\u00e1ticas o bien oficinas consulares de Espa\u00f1a en el extranjero.<\/li>\n<li>En las oficinas de asistencia en materia de registros.<\/li>\n<li>En cualquier otro que establezcan las disposiciones vigentes.<\/li>\n<\/ul>\n<p><strong>Derechos del solicitante:<\/strong><\/p>\n<p><img decoding=\"async\" src=\"https:\/\/1.bp.blogspot.com\/-IA_M2BtAKHU\/YA2Q9To7MHI\/AAAAAAAA8ds\/NwyNBPM8SVQ77nmweHLDMB-lnVWl8XX3gCNcBGAsYHQ\/s2876\/Familia%2BTipos%2BCuadro.jpg\" style=\"max-width:450px;float:left;padding:10px 10px 10px 0px;border:0px\"><\/p>\n<ul>\n<li>A ser documentado como solicitante de protecci\u00f3n internacional;<\/li>\n<li>A asistencia jur\u00eddica gratuita e int\u00e9rprete. ()<\/li>\n<li>A que se comunique su solicitud al ACNUR. (\u00a0)<\/li>\n<li>A la suspensi\u00f3n de cualquier proceso de devoluci\u00f3n, expulsi\u00f3n o bien extradici\u00f3n que pudiese afectar al solicitante;<\/li>\n<li>A conocer el contenido del expediente en cualquier momento;<\/li>\n<li>A la atenci\u00f3n sanitaria en las condiciones expuestas;<\/li>\n<li>A percibir prestaciones sociales espec\u00edficas en los t\u00e9rminos que se recogen en esta Ley.<\/li>\n<\/ul>\n<p><strong>Obligaciones del solicitante:<\/strong><\/p>\n<ul>\n<li>Cooperar con las autoridades espa\u00f1olas en el procedimiento para la concesi\u00f3n de protecci\u00f3n internacional;<\/li>\n<li>Presentar, cuanto antes, todos aquellos elementos que, junto a su propia decleraci\u00f3n, contribuyan a fundamentar su petici\u00f3n. Entre otros muchos, van a poder presentar la documentaci\u00f3n de que dispongan sobre su edad, pasado -incluyendo el de familiares relacionados-, identidad, nacionalidad o bien nacionalidades, lugares de anterior vivienda, peticiones de protecci\u00f3n internacional anteriores, trayectos de viaje, documentos de viaje y motivos por los que solicita la protecci\u00f3n;<\/li>\n<li>Proprocionar sus impresiones digitales, permitir ser retratados, y en su caso, permitir que sean grabadas sus declaraciones, siempre y cuando hayan sido anteriormente informados sobre este \u00faltimo extremo;<\/li>\n<li>Informar sobre su domicilio en Espa\u00f1a y cualquier cambio que se produzca en \u00e9l;<\/li>\n<li>Informar, asimismo, a la autoridad eficiente o comparecer ante ella, cuando as\u00ed se les requiera con relaci\u00f3n a cualquier circunstancia de su petici\u00f3n.<\/li>\n<\/ul>\n<p><strong>IMPORTANTE:\u00a0<\/strong>El documento justificativo sobre la cita que se obtiene al final del proceso, no autoriza la estancia ni la vivienda en Espa\u00f1a.<\/p>\n<p><strong>MUY IMPORTANTE:<\/strong>\u00a0Va a deber introducir en el campo\u00a0\u00abMotivo o g\u00e9nero de solicitud de la <a href=\"http:\/\/westwoodhotel.com\/__media__\/js\/netsoltrademark.php?d=cnft.wiki%2Findex.php%3Ftitle%3DUser%3AStewartHiggins\">renovacion nie comunitario cita previa<\/a>\u00bb,\u00a0la pr\u00f3xima informaci\u00f3n adicional:<\/p>\n<ul>\n<li>N\u00ba de expediente de protecci\u00f3n internacional (si ya lo tiene)<\/li>\n<li>Sexo<\/li>\n<li>Idioma<\/li>\n<li>Domicilio (A lo largo de todo el procedimiento se debe informar de cualquier cambio de domicilio.)<\/li>\n<\/ul>\n","protected":false},"excerpt":{"rendered":"<p>Cita Previa Para Solicitudes De Asilo Ya est\u00e1 libre el enlace para pedir citas anterio\u2026","protected":false},"author":184392,"featured_media":0,"comment_status":"closed","ping_status":"closed","sticky":false,"template":"","format":"standard","meta":{"_s2mail":""},"categories":[1],"tags":[22339],"_links":{"self":[{"href":"https:\/\/yorunoteiou.com\/index.php?rest_route=\/wp\/v2\/posts\/504625"}],"collection":[{"href":"https:\/\/yorunoteiou.com\/index.php?rest_route=\/wp\/v2\/posts"}],"about":[{"href":"https:\/\/yorunoteiou.com\/index.php?rest_route=\/wp\/v2\/types\/post"}],"author":[{"embeddable":true,"href":"https:\/\/yorunoteiou.com\/index.php?rest_route=\/wp\/v2\/users\/184392"}],"replies":[{"embeddable":true,"href":"https:\/\/yorunoteiou.com\/index.php?rest_route=%2Fwp%2Fv2%2Fcomments&post=504625"}],"version-history":[{"count":1,"href":"https:\/\/yorunoteiou.com\/index.php?rest_route=\/wp\/v2\/posts\/504625\/revisions"}],"predecessor-version":[{"id":504626,"href":"https:\/\/yorunoteiou.com\/index.php?rest_route=\/wp\/v2\/posts\/504625\/revisions\/504626"}],"wp:attachment":[{"href":"https:\/\/yorunoteiou.com\/index.php?rest_route=%2Fwp%2Fv2%2Fmedia&parent=504625"}],"wp:term":[{"taxonomy":"category","embeddable":true,"href":"https:\/\/yorunoteiou.com\/index.php?rest_route=%2Fwp%2Fv2%2Fcategories&post=504625"},{"taxonomy":"post_tag","embeddable":true,"href":"https:\/\/yorunoteiou.com\/index.php?rest_route=%2Fwp%2Fv2%2Ftags&post=504625"}],"curies":[{"name":"wp","href":"https:\/\/api.w.org\/{rel}","templated":true}]}}