{"id":483169,"date":"2022-04-10T16:05:45","date_gmt":"2022-04-10T16:05:45","guid":{"rendered":"http:\/\/yorunoteiou.com\/?p=483169"},"modified":"2022-04-10T16:05:45","modified_gmt":"2022-04-10T16:05:45","slug":"accidentes-laborales-aumentaron-en-mas-30-mil-en-el-primer-semestre","status":"publish","type":"post","link":"https:\/\/yorunoteiou.com\/?p=483169","title":{"rendered":"Accidentes Laborales Aumentaron En M\u00e1s 30 Mil En El Primer Semestre"},"content":{"rendered":"<p>El consejo a\u00f1adi\u00f3 que las enfermedades laborales (EL) aumentaron en un 393  por cien , lo que puede ser atribuible a la determinaci\u00f3n de la COVID-19 como enfermedad laboral de calificaci\u00f3n directa. La tasa del primer semestre de 2020 fue de 60 casos por cada cien.000 trabajadores, que corresponde a 6.074 EL, y pas\u00f3 a 284,17 casos por cada cien.000 trabajadores, con veintinueve y novecientos sesenta y dos acontecimientos, para el mismo periodo de dos mil veintiuno (82 al d\u00eda, aproximadamente; tres, cada hora). Esto representa una variaci\u00f3n porcentual de trescientos noventa y tres  por cien  en el n\u00famero de casos. Al comprobar las cantidades por trimestre, se destaca que 14.863 trabajadores fueron calificados con una enfermedad durante el segundo trimestre de dos mil veintiuno, lo que patentiza una leve minoraci\u00f3n de 236 eventos, en comparaci\u00f3n con el primer trimestre dos mil veintiuno, con quince y noventa y nueve casos.<\/p>\n<p>Por departamentos, Amazonas ocup\u00f3 el primer lugar con la tasa m\u00e1s alta de enfermedad laboral, con 1.427,47 casos (medida por cada 100.000 trabajadores); seguido de La Guajira, con una tasa de novecientos sesenta y uno con noventa y dos. El tercer lugar lo ocup\u00f3 el departamento <a href=\"https:\/\/www.youtube.com\/watch?v=NoiTyBWUkLM\">abogados accidentes del trabajo vi\u00f1a del mar<\/a> Cesar, que alcanza una tasa de novecientos seis con noventa y nueve enfermedades por cada 100 mil trabajadores. Al repasar los datos por \u00e1mbitos econ\u00f3micos, la actividad de Servicios sociales y de salud obtuvo la tasa m\u00e1s alta de enfermedades, con 2829,82 eventos (medido por cada cien mil trabajadores). El segundo sitio lo ocup\u00f3 el sector Inmobiliario, con 148,94; seguido de Minas y canteras, que alcanza una tasa de ciento cuarenta y cinco con cincuenta y seis. Servicios comunitarios, sociales y personales (124,65), y Hoteles y restaurants (119,76) alcanzaron la cuarta y quinta situaci\u00f3n, respectivamente.<\/p>\n","protected":false},"excerpt":{"rendered":"<p>El consejo a\u00f1adi\u00f3 que las enfermedades laborales (EL) aumentaron en un 393 por cien , \u2026","protected":false},"author":173678,"featured_media":0,"comment_status":"closed","ping_status":"closed","sticky":false,"template":"","format":"standard","meta":{"_s2mail":""},"categories":[1],"tags":[19674],"_links":{"self":[{"href":"https:\/\/yorunoteiou.com\/index.php?rest_route=\/wp\/v2\/posts\/483169"}],"collection":[{"href":"https:\/\/yorunoteiou.com\/index.php?rest_route=\/wp\/v2\/posts"}],"about":[{"href":"https:\/\/yorunoteiou.com\/index.php?rest_route=\/wp\/v2\/types\/post"}],"author":[{"embeddable":true,"href":"https:\/\/yorunoteiou.com\/index.php?rest_route=\/wp\/v2\/users\/173678"}],"replies":[{"embeddable":true,"href":"https:\/\/yorunoteiou.com\/index.php?rest_route=%2Fwp%2Fv2%2Fcomments&post=483169"}],"version-history":[{"count":1,"href":"https:\/\/yorunoteiou.com\/index.php?rest_route=\/wp\/v2\/posts\/483169\/revisions"}],"predecessor-version":[{"id":483170,"href":"https:\/\/yorunoteiou.com\/index.php?rest_route=\/wp\/v2\/posts\/483169\/revisions\/483170"}],"wp:attachment":[{"href":"https:\/\/yorunoteiou.com\/index.php?rest_route=%2Fwp%2Fv2%2Fmedia&parent=483169"}],"wp:term":[{"taxonomy":"category","embeddable":true,"href":"https:\/\/yorunoteiou.com\/index.php?rest_route=%2Fwp%2Fv2%2Fcategories&post=483169"},{"taxonomy":"post_tag","embeddable":true,"href":"https:\/\/yorunoteiou.com\/index.php?rest_route=%2Fwp%2Fv2%2Ftags&post=483169"}],"curies":[{"name":"wp","href":"https:\/\/api.w.org\/{rel}","templated":true}]}}