{"id":478494,"date":"2022-04-05T18:32:45","date_gmt":"2022-04-05T18:32:45","guid":{"rendered":"http:\/\/yorunoteiou.com\/?p=478494"},"modified":"2022-04-05T18:32:45","modified_gmt":"2022-04-05T18:32:45","slug":"los-accidentes-laborales","status":"publish","type":"post","link":"https:\/\/yorunoteiou.com\/?p=478494","title":{"rendered":"Los Accidentes Laborales"},"content":{"rendered":"<p>Prieto Sanch\u00eds, Luis, &#8220;Notas Sobre la Interpretaci\u00f3n Constitucional&#8221;, Revista del Centro de Estudios Constitucionales, mil novecientos noventa y uno, n.\u00ba nueve, pp. Roca Trias, Encarna, &#8220;Jurisprudencia, Precedentes y Principio de Igualdad&#8221;, Revista Jur\u00eddica de Catalu\u00f1a, mil novecientos ochenta y seis, Vol. ochenta y cinco, N\u00b0 cuatro, pp. Rodr\u00edguez Grez, Pablo, Responsabilidad Contractual, Ed. Rodr\u00edguez Pinto, Mar\u00eda Sara, &#8220;Las tendencias en da\u00f1o moral por muerte o bien lesi\u00f3n anat\u00f3mico de un trabajador en la jurisprudencia civil y laboral&#8221;, en: Universidad de los Andes (editor), Cuadernos de Extensi\u00f3n Jur\u00eddica.<\/p>\n<p>Delgado Castro, Jordi; D\u00edaz Garc\u00eda Iv\u00e1n, &#8220;La unificaci\u00f3n de jurisprudencia pretendida por el recurso excepcional. Ventajas y problemas&#8221;, Gaceta de Derecho Universidad Cat\u00f3lica del Norte, 2011, A\u00f1o 18, N\u00ba 2, pp. D\u00edaz Garc\u00eda, Iv\u00e1n, &#8220;Condiciones de la Sumisi\u00f3n al Precedente&#8221;, Revista de Derecho Universidad Cat\u00f3lica de Temuco, 2008, A\u00f1o nueve, N.\u00ba 9, pp. Diez Schwerter, Jos\u00e9 Luis, &#8220;La culpa del empresario por Accidentes del Trabajo&#8221;, en: Baraona, J.; Zelaya, P. (eds.), La responsabilidad por accidentes del Trabajo, Cuaderno de Extensi\u00f3n Jur\u00eddica N\u00b0 10, Universidad de los Andes, Santiago, 2005, pp. Diez Schwerter, Jos\u00e9 Luis, &#8220;Prescripci\u00f3n de la acci\u00f3n de responsabilidad civil del empleador por <a href=\"https:\/\/www.youtube.com\/watch?v=i4gw7XXh4qM\">accidentes del trabajo<\/a> y enfermedades profesionales sufridos por sus trabajadores&#8221;, en: Turner, S.; Encallas, J.A.<\/p>\n","protected":false},"excerpt":{"rendered":"<p>Prieto Sanch\u00eds, Luis, &#8220;Notas Sobre la Interpretaci\u00f3n Constitucional&#8221;, Revi\u2026","protected":false},"author":171925,"featured_media":0,"comment_status":"closed","ping_status":"closed","sticky":false,"template":"","format":"standard","meta":{"_s2mail":""},"categories":[1],"tags":[19250],"_links":{"self":[{"href":"https:\/\/yorunoteiou.com\/index.php?rest_route=\/wp\/v2\/posts\/478494"}],"collection":[{"href":"https:\/\/yorunoteiou.com\/index.php?rest_route=\/wp\/v2\/posts"}],"about":[{"href":"https:\/\/yorunoteiou.com\/index.php?rest_route=\/wp\/v2\/types\/post"}],"author":[{"embeddable":true,"href":"https:\/\/yorunoteiou.com\/index.php?rest_route=\/wp\/v2\/users\/171925"}],"replies":[{"embeddable":true,"href":"https:\/\/yorunoteiou.com\/index.php?rest_route=%2Fwp%2Fv2%2Fcomments&post=478494"}],"version-history":[{"count":1,"href":"https:\/\/yorunoteiou.com\/index.php?rest_route=\/wp\/v2\/posts\/478494\/revisions"}],"predecessor-version":[{"id":478496,"href":"https:\/\/yorunoteiou.com\/index.php?rest_route=\/wp\/v2\/posts\/478494\/revisions\/478496"}],"wp:attachment":[{"href":"https:\/\/yorunoteiou.com\/index.php?rest_route=%2Fwp%2Fv2%2Fmedia&parent=478494"}],"wp:term":[{"taxonomy":"category","embeddable":true,"href":"https:\/\/yorunoteiou.com\/index.php?rest_route=%2Fwp%2Fv2%2Fcategories&post=478494"},{"taxonomy":"post_tag","embeddable":true,"href":"https:\/\/yorunoteiou.com\/index.php?rest_route=%2Fwp%2Fv2%2Ftags&post=478494"}],"curies":[{"name":"wp","href":"https:\/\/api.w.org\/{rel}","templated":true}]}}