{"id":281321,"date":"2021-10-30T20:34:51","date_gmt":"2021-10-30T20:34:51","guid":{"rendered":"http:\/\/yorunoteiou.com\/?p=281321"},"modified":"2021-10-30T20:34:51","modified_gmt":"2021-10-30T20:34:51","slug":"bufet-de-abogados-laborales-laboristas-especializados","status":"publish","type":"post","link":"https:\/\/yorunoteiou.com\/?p=281321","title":{"rendered":"bufet de abogados laborales laboristas especializados"},"content":{"rendered":"<p>Nuestros abogados laboralistas especializados en despidos le recomendar\u00e1n con el m\u00e1ximo rigor sobre la situaci\u00f3n de su despido. Somos honrados y objetivos en el momento de valorar si su despido es impugnable o bien no. En caso afirmativo, cuantificamos la indemnizaci\u00f3n por despido que le deber\u00eda corresponder. Dispone de veinte d\u00edas desde la fecha estipulada en su carta de despido para que un <a href=\"https:\/\/www.youtube.com\/watch?v=W39kA9BfCq8\">abogado laboral copiap\u00f3<\/a> laboralista pueda representarle y resguardar sus intereses. En funci\u00f3n de de qu\u00e9 forma la compa\u00f1\u00eda tipifique un despido, la Ley determina la cuant\u00eda de la indemnizaci\u00f3n a percibir por el trabajador. En el primer caso, el trabajador no percibe indemnizaci\u00f3n econ\u00f3mica alguna, en tanto que se supone que el despedido ha incurrido en ciertas causas recogidas en el art\u00edculo cincuenta y cuatro del Estatuto de los Trabajadores. Ahora bien, independientemente del g\u00e9nero de despido (disciplinario o bien objetivo), el Juez es el \u00fanico que puede estimar si el despido es procedente, improcedente o bien nulo.<\/p>\n<p>La idea central de esas regulaciones experimentales emergentes consiste en identificar a actores diferentes al empleador directo, co-responsable o responsable, para asegurar los derechos laborales y sociales de los trabajadores empleados en la cadena de proveedores respecto a, por ejemplo, salarios m\u00ednimos, contribuciones de seguridad social, salud y seguridad laboral22. El objetivo principal es impedir la elusi\u00f3n de la responsabilidad de los empleadores y el abuso sobre los derechos de los trabajadores en cadenas de distribuidores.<\/p>\n","protected":false},"excerpt":{"rendered":"<p>Nuestros abogados laboralistas especializados en despidos le recomendar\u00e1n con el m\u00e1xim\u2026","protected":false},"author":76066,"featured_media":0,"comment_status":"closed","ping_status":"closed","sticky":false,"template":"","format":"standard","meta":{"_s2mail":""},"categories":[1],"tags":[5248],"_links":{"self":[{"href":"https:\/\/yorunoteiou.com\/index.php?rest_route=\/wp\/v2\/posts\/281321"}],"collection":[{"href":"https:\/\/yorunoteiou.com\/index.php?rest_route=\/wp\/v2\/posts"}],"about":[{"href":"https:\/\/yorunoteiou.com\/index.php?rest_route=\/wp\/v2\/types\/post"}],"author":[{"embeddable":true,"href":"https:\/\/yorunoteiou.com\/index.php?rest_route=\/wp\/v2\/users\/76066"}],"replies":[{"embeddable":true,"href":"https:\/\/yorunoteiou.com\/index.php?rest_route=%2Fwp%2Fv2%2Fcomments&post=281321"}],"version-history":[{"count":1,"href":"https:\/\/yorunoteiou.com\/index.php?rest_route=\/wp\/v2\/posts\/281321\/revisions"}],"predecessor-version":[{"id":281322,"href":"https:\/\/yorunoteiou.com\/index.php?rest_route=\/wp\/v2\/posts\/281321\/revisions\/281322"}],"wp:attachment":[{"href":"https:\/\/yorunoteiou.com\/index.php?rest_route=%2Fwp%2Fv2%2Fmedia&parent=281321"}],"wp:term":[{"taxonomy":"category","embeddable":true,"href":"https:\/\/yorunoteiou.com\/index.php?rest_route=%2Fwp%2Fv2%2Fcategories&post=281321"},{"taxonomy":"post_tag","embeddable":true,"href":"https:\/\/yorunoteiou.com\/index.php?rest_route=%2Fwp%2Fv2%2Ftags&post=281321"}],"curies":[{"name":"wp","href":"https:\/\/api.w.org\/{rel}","templated":true}]}}