{"id":502894,"date":"2022-05-04T02:33:48","date_gmt":"2022-05-04T02:33:48","guid":{"rendered":"http:\/\/yorunoteiou.com\/?p=502894"},"modified":"2022-05-04T02:33:48","modified_gmt":"2022-05-04T02:33:48","slug":"el-defensor-del-pueblo-urge-a-interior-a-agilizar-las-citas-para-pedir-asilo-2","status":"publish","type":"post","link":"http:\/\/yorunoteiou.com\/?p=502894","title":{"rendered":"El Defensor Del Pueblo Urge A Interior A Agilizar Las Citas Para Pedir Asilo"},"content":{"rendered":"<h1>El Defensor Del Pueblo Urge A Interior A Agilizar Las Citas Para Pedir Asilo<\/h1>\n<p><em>El Defensor del Pueblo, Francisco Fern\u00e1ndez Marug\u00e1n, ha mandado\u00a0\u00a0para que, con car\u00e1cter urgente,\u00a0facilite a los ciudadanos extranjeros el acceso al sistema de cita anterior para solicitar protecci\u00f3n internacional y realizar distintos tr\u00e1mites de extranjer\u00eda en dependencias policiales<\/em><\/p>\n<p>La Instituci\u00f3n recibe <strong>quejas constantes<\/strong> sobre los problemas para conseguir una <strong>cita<\/strong> <strong>previa<\/strong> y <strong>acceder<\/strong> al procedimiento de protecci\u00f3n internacional y para efectuar entrevistas de <strong>asilo<\/strong> en condiciones convenientes.<\/p>\n<p>Adem\u00e1s, las <strong>dificultades<\/strong> para obtener cita previa se han extendido a una multitud de tr\u00e1mites que deben realizar los ciudadanos extranjeros en <strong>dependencias<\/strong> <strong>policiales<\/strong> de todo el territorio nacional, m\u00e1s all\u00e1 del campo de la protecci\u00f3n internacional.<\/p>\n<p>En opini\u00f3n del Defensor del Pueblo, las <strong>medidas<\/strong> <strong>materiales<\/strong> y de <strong>recursos<\/strong> <strong>humanos<\/strong> adoptadas hasta ahora para paliar esta situaci\u00f3n prosiguen siendo <strong>insuficientes<\/strong> para dar respuesta a una demanda creciente de <strong>solicitudes de asilo<\/strong> y de tr\u00e1mites relacionados con el r\u00e9gimen general de extranjer\u00eda que asimismo se realizan en dependencias policiales, tales como la <strong>expedici\u00f3n<\/strong> de <strong>tarjetas<\/strong> de <strong>identidad<\/strong> de extranjeros,  <a href=\"https:\/\/wiki.revolutionot.com\/wiki\/C%C3%B3Mo_Obtener_La_C%C3%A9Dula_De_Residencia_En_Costa_Rica\">cita previa extranjeria 2019<\/a> autorizaciones de <strong>regreso<\/strong>, cartas de <strong>invitaci\u00f3n<\/strong>, etc.<\/p>\n<p><img decoding=\"async\" src=\"https:\/\/mir-s3-cdn-cf.behance.net\/projects\/max_808\/d1a88277179151.Y3JvcCwyNTU2LDIwMDAsMjg0LDA.jpg\" style=\"max-width:440px;float:right;padding:10px 0px 10px 10px;border:0px\"><\/p>\n<p>Esta situaci\u00f3n se ha visto agravada por las medidas adoptadas por la <strong>crisis sanitaria de la COVID-19<\/strong>, debido a que la declaraci\u00f3n del estado de alarma supuso la imposibilidad de atenci\u00f3n presencial y la acumulaci\u00f3n de carga de trabajo.<\/p>\n<p>Las quejas por las demoras excesivas para lograr una cita previa no constituyen una novedad para la Instituci\u00f3n, que lleva tiempo advirtiendo sobre los <strong>problemas y dificultades<\/strong> a los que se enfrentan los ciudadanos extranjeros por esta raz\u00f3n y que ha elaborado varias resoluciones al respecto.<\/p>\n<p>As\u00ed, en el \u00faltimo mes del a\u00f1o de dos mil dieciocho el Defensor dirigi\u00f3 a la Comisar\u00eda General de Extranjer\u00eda y Fronteras un\u00a0\u00a0a fin de que se entregase un resguardo v\u00e1lido acreditativo de la <a href=\"http:\/\/d-click.jornaldocomercio.com.br\/u\/5551\/922\/78801\/4507_0\/32c0b\/?url=https:\/\/raovat24h.online\/author\/richiel441\/\">cita previa extranjeria 2019<\/a> asignada, al tener perseverancia de que <a href=\"https:\/\/www.dailymail.co.uk\/home\/search.html?sel=site&amp;searchPhrase=numerosos\">numerosos<\/a> <strong>ciudadanos<\/strong> pasaban <strong>d\u00edas y noches a la intemperie<\/strong> para lograr una cita para poder solicitar <strong>protecci\u00f3n<\/strong> <strong>internacional<\/strong>, que despu\u00e9s se otorgaba sin resguardo acreditativo y para un a\u00f1o despu\u00e9s.<\/p>\n<p>Tras ser rechazada esta resoluci\u00f3n, el Defensor decidi\u00f3 elevarla al Ministerio del Interior, al un\u00edsono que trasladaba a dicho departamento su preocupaci\u00f3n por otra serie de <strong>carencias<\/strong> <strong>relacionadas<\/strong> con el <strong>procedimiento<\/strong>.<\/p>\n<p><img decoding=\"async\" src=\"https:\/\/picography.co\/page\/1\/600\" style=\"max-width:420px;float:left;padding:10px 10px 10px 0px;border:0px\"><\/p>\n<p>En este sentido, a la Corporaci\u00f3n le preocupa en especial \u2013y de esta manera se lo ha transmitido a Interior- que se garantice el derecho que asiste a los solicitantes de protecci\u00f3n internacional de efectuar la\u00a0 entrevista en una <strong>dependencia adecuada<\/strong> y que el funcionario que la lleve a cabo tenga la <strong>formaci\u00f3n precisa.<\/strong><\/p>\n<p>Por todo ello, y tal como refleja el\u00a0, el Defensor ha pedido que se revise con emergencia la <strong>colaboraci\u00f3n de la Polic\u00eda Nacional<\/strong> para encarar la administraci\u00f3n de las <strong>peticiones de asilo<\/strong>, en cuanto a la asignaci\u00f3n de citas previas, la realizaci\u00f3n de entrevistas de asilo y la expedici\u00f3n de documentaci\u00f3n.<\/p>\n<p>Para la Instituci\u00f3n, el papel de la Polic\u00eda Nacional ha resultado indispensable para abordar el fuerte incremento de peticiones en un plazo muy corto de tiempo, pero esa colaboraci\u00f3n que se propuso como algo puntual se est\u00e1 alargando en el tiempo, provocando importantes disfunciones en el sistema.<\/p>\n<p><img decoding=\"async\" src=\"https:\/\/tellyspaucar.files.wordpress.com\/2018\/04\/directiva.png\" style=\"max-width:400px;float:left;padding:10px 10px 10px 0px;border:0px\"><\/p>\n<h3><strong>Muerte de temporero que no hab\u00eda completado los tr\u00e1mites para pedir asilo\u00a0<\/strong><\/h3>\n<p>Otra cuesti\u00f3n que provoca numerosas quejas se refiere a las contrariedades con las que se encuentran los extranjeros con necesidades de protecci\u00f3n internacional, para poder <strong>formalizar su solicitud de asilo<\/strong>. Esa manifestaci\u00f3n de voluntad ha de efectuarse en el plazo de un mes desde que se entra en Espa\u00f1a. Las largas demoras desde que se manifiesta la voluntad de pedirlo hasta que por \u00faltimo se les cita para la entrevista motiva que los extranjeros cambien habitualmente de provincia, buscando subsistir.<\/p>\n<p><img decoding=\"async\" src=\"https:\/\/burst.shopifycdn.com\/photos\/cathedral-of-santiago-de-compostela.jpg?width=746&amp;format=pjpg&amp;exif=0&amp;iptc=0\" style=\"max-width:400px;float:left;padding:10px 10px 10px 0px;border:0px\"><\/p>\n<p>Las protestas que se reciben muestran que son numerosos los casos en los que, en la nueva provincia de residencia, <strong>no se respeta la lista de espera<\/strong> por lo que deben iniciar de nuevo toda la tramitaci\u00f3n.<\/p>\n<p>En este contexto, el Defensor del Pueblo se ha dirigido de oficio a la<strong> Fiscal\u00eda General del Estado<\/strong> para solicitar informaci\u00f3n sobre sobre las diligencias de<strong> investigaci\u00f3n iniciadas tras el fallecimiento del ciudadano nicarag\u00fcense<\/strong> Eleazar Bland\u00f3n, en Lorca (Murcia).<\/p>\n<p>Se da la coyuntura de que esta persona, que falleci\u00f3 mientras trabajaba como <strong>temporero<\/strong> en una explotaci\u00f3n agr\u00edcola,  cita para pedir nie habr\u00eda manifestado su pretensi\u00f3n de solicitar <strong>protecci\u00f3n<\/strong> <strong>internacional<\/strong> ante la Polic\u00eda Nacional. No obstante, la demora existente en la asignaci\u00f3n de citas le habr\u00eda impedido formalizar la petici\u00f3n en tiempo y forma y, por ende, no hab\u00eda podido acceder al sistema nacional de acogida.<\/p>\n","protected":false},"excerpt":{"rendered":"<p>El Defensor Del Pueblo Urge A Interior A Agilizar Las Citas Para Pedir Asilo El Defens\u2026","protected":false},"author":182037,"featured_media":0,"comment_status":"closed","ping_status":"closed","sticky":false,"template":"","format":"standard","meta":{"_s2mail":""},"categories":[1],"tags":[22126],"_links":{"self":[{"href":"http:\/\/yorunoteiou.com\/index.php?rest_route=\/wp\/v2\/posts\/502894"}],"collection":[{"href":"http:\/\/yorunoteiou.com\/index.php?rest_route=\/wp\/v2\/posts"}],"about":[{"href":"http:\/\/yorunoteiou.com\/index.php?rest_route=\/wp\/v2\/types\/post"}],"author":[{"embeddable":true,"href":"http:\/\/yorunoteiou.com\/index.php?rest_route=\/wp\/v2\/users\/182037"}],"replies":[{"embeddable":true,"href":"http:\/\/yorunoteiou.com\/index.php?rest_route=%2Fwp%2Fv2%2Fcomments&post=502894"}],"version-history":[{"count":1,"href":"http:\/\/yorunoteiou.com\/index.php?rest_route=\/wp\/v2\/posts\/502894\/revisions"}],"predecessor-version":[{"id":502895,"href":"http:\/\/yorunoteiou.com\/index.php?rest_route=\/wp\/v2\/posts\/502894\/revisions\/502895"}],"wp:attachment":[{"href":"http:\/\/yorunoteiou.com\/index.php?rest_route=%2Fwp%2Fv2%2Fmedia&parent=502894"}],"wp:term":[{"taxonomy":"category","embeddable":true,"href":"http:\/\/yorunoteiou.com\/index.php?rest_route=%2Fwp%2Fv2%2Fcategories&post=502894"},{"taxonomy":"post_tag","embeddable":true,"href":"http:\/\/yorunoteiou.com\/index.php?rest_route=%2Fwp%2Fv2%2Ftags&post=502894"}],"curies":[{"name":"wp","href":"https:\/\/api.w.org\/{rel}","templated":true}]}}