{"id":502818,"date":"2022-05-04T01:08:43","date_gmt":"2022-05-04T01:08:43","guid":{"rendered":"http:\/\/yorunoteiou.com\/?p=502818"},"modified":"2022-05-04T01:08:43","modified_gmt":"2022-05-04T01:08:43","slug":"se-necesita-urgente-abogado-inmigracion","status":"publish","type":"post","link":"http:\/\/yorunoteiou.com\/?p=502818","title":{"rendered":"Se Necesita Urgente Abogado Inmigracion"},"content":{"rendered":"<p><img decoding=\"async\" src=\"https:\/\/www.mallorcadiario.com\/fotos\/1\/402237_Capturadepantalla2019-05-21alas18.09.30.jpg\" alt=\"17 asociaciones denuncian \\u0026quot;serios problemas\\u0026quot; para ...\" style=\"max-width:410px;float:left;padding:10px 10px 10px 0px;border:0px\"><\/p>\n<h1>Se Necesita Urgente: Abogado Inmigracion<\/h1>\n<\/p>\n<p>Resultados de la b\u00fasqueda:<\/p>\n<h2>\n<p>Se busca <b>Abogado<\/b><\/p>\n<\/h2>\n<p>\n<\/p>\n<p>PRONTOPRO<\/p>\n<\/p>\n<p><p>\u00a0&#8230;del empleo<\/p>\n<p>ProntoPro.es, el portal n\u00famero uno en Espa\u00f1a que pone en contacto a sus usuarios con profesionales del sector, busca <b>Abogado<\/b> para satisfacer las peticiones de trabajo recibidas.<\/p>\n<p>REQUISITOS DEL PERFIL:<\/p>\n<p>-T\u00edtulo en derecho, poder ejercer como letrado y estar&#8230;\u00a0<\/p>\n<\/p>\n<p>\u00bfTe result\u00f3 \u00fatil la oferta?<\/p>\n<p><p><button><\/p>\n<p>S\u00ed, he enviado el CV<\/p>\n<p><\/button><\/p>\n<p><button><\/p>\n<p>S\u00ed, he llamado<\/p>\n<p><\/button><\/p>\n<p><button><\/p>\n<p>No me interesa<\/p>\n<p><\/button><\/p>\n<p><button><\/p>\n<p>Reportar<\/p>\n<p><\/button><\/p>\n<\/p>\n<p>\u00bfQu\u00e9 ha pasado?<\/p>\n<p><p><button><\/p>\n<p>La oferta no se abre<\/p>\n<p><\/button><\/p>\n<p><button><\/p>\n<p>\u00a1Es fraude!<\/p>\n<p><\/button><\/p>\n<p><button><\/p>\n<p>No entiendo que ha sucedido<\/p>\n<p><\/button><\/p>\n<p><button><\/p>\n<p>Otro<\/p>\n<p><\/button><\/p>\n<\/p>\n<p>\u00a1Te agradecemos por tu comentario, nos has ayudado!<\/p>\n<h2>\n<p><b>Abogad@<\/b><\/p>\n<\/h2>\n<p><p>Tabl\u00f3n de Anuncios de Madrid: Particular necesita <b>abogado<\/b> con experiecia en alquileres y venta local, establecido en madrid. Informes<\/p>\n<\/p>\n<p>\u00bfTe result\u00f3 \u00fatil la oferta?<\/p>\n<p><p><button><\/p>\n<p>S\u00ed, he enviado el CV<\/p>\n<p><\/button><\/p>\n<p><button><\/p>\n<p>S\u00ed, he llamado<\/p>\n<p><\/button><\/p>\n<p><button><\/p>\n<p>No me resulta interesante<\/p>\n<p><\/button><\/p>\n<p><button><\/p>\n<p>Reportar<\/p>\n<p><\/button><\/p>\n<\/p>\n<p>\u00bfQu\u00e9 ha pasado?<\/p>\n<p><p><button><\/p>\n<p>La oferta no se abre<\/p>\n<p><\/button><\/p>\n<p><button><\/p>\n<p>\u00a1Es fraude!<\/p>\n<p><\/button><\/p>\n<p><button><\/p>\n<p>No comprendo que ha sucedido<\/p>\n<p><\/button><\/p>\n<p><button><\/p>\n<p>Otro<\/p>\n<p><\/button><\/p>\n<\/p>\n<p>\u00a1Te agradecemos por tu comentario, nos has ayudado!<\/p>\n<h2>\n<p>BUSCAMOS <b>ABOGADO<\/b><\/p>\n<\/h2>\n<p><p>despacho de <b>abogados<\/b> en el centro de la villa de Madrid, busca un letrado generalista, con 3 a\u00f1os de experiencia en estrados, y no mayor de treinta a\u00f1os,  solicitar cita en extranjer\u00eda para contrataci\u00f3n a tiempo parcial o bien completo<\/p>\n<\/p>\n<h2>\n<p>BUSCO UN <b>ABOGADO<\/b><\/p>\n<\/h2>\n<p><p>Hola busco un <b>abogado<\/b> que tenga bastante experiencia en negligencias medicas que me asesore y me lleve mi caso. Gracias<\/p>\n<\/p>\n<h2>\n<p>NECESITAMOS <b>ABOGADO<\/b> RECI\u00c9N GRADUADO<\/p>\n<\/h2>\n<p><p>Necesitamos persona responsable y organizada para que se incorpore a nuestro equipo, realizar\u00e1 tareas de <b>abogado<\/b>, como tramitaci\u00f3n de expedientes, relaciones con los clientes y colaboradores, escritos jur\u00eddicos y recursos. Jornada completa. Remuneraci\u00f3n a acordar&#8230;.\u00a0<\/p>\n<\/p>\n<h2>\n<p><b>ABOGADO<\/b> PENALISTA<\/p>\n<\/h2>\n<p>\n<\/p>\n<p>U. A. Y A. F.<\/p>\n<\/p>\n<p><p>\u00a0&#8230;Centro de Empresas requiere incorporar a un <b>Abogado\/<\/b>a a su Departamento Jur\u00eddico.<\/p>\n<p>Importante que sea especialista en Derecho Penal y tenga experiencia.<\/p>\n<p>Posibilidad de contrataci\u00f3n a media jornada.<\/p>\n<p>Fijo + incentivos.<\/p>\n<p>Requisitos del puesto<\/p>\n<p>Especialista&#8230;\u00a0<\/p>\n<\/p>\n<h2>\n<p>TELEOPERADORES TELETRABAJO (noventa y dos)<\/p>\n<\/h2>\n<p>\n<\/p>\n<p>Grupo Cona<\/p>\n<\/p>\n<p><img decoding=\"async\" src=\"https:\/\/citapreviaextranjeria.cdn.nom.es\/wp-content\/uploads\/2021\/02\/cita-previa-extranjeria-palma-de-mallorca-telefono-1.jpg\" alt=\"Cita Previa Extranjer\\u00eda Palma De Mallorca Tel\\u00e9fono - Cita ...\" style=\"max-width:400px;float:left;padding:10px 10px 10px 0px;border:0px\"><\/p>\n<p><p>En Ayas Energ\u00eda somos siendo conscientes de que el valor diferencial de una compa\u00f1\u00eda son las personas que la conforman. Por este motivo, nuestro principal reto se encuentra en impulsar el desarrollo y crecimiento de tu carrera, a la vez que ofrecemos soluciones personalizadas&#8230;<\/p>\n<\/p>\n<p>\u00bfTe result\u00f3 \u00fatil la oferta?<\/p>\n<p><p><button><\/p>\n<p>S\u00ed, he enviado el CV<\/p>\n<p><\/button><\/p>\n<p><button><\/p>\n<p>S\u00ed, he llamado<\/p>\n<p><\/button><\/p>\n<p><button><\/p>\n<p>No me resulta interesante<\/p>\n<p><\/button><\/p>\n<p><button><\/p>\n<p>Reportar<\/p>\n<p><\/button><\/p>\n<\/p>\n<p>\u00bfQu\u00e9 ha pasado?<\/p>\n<p><p><button><\/p>\n<p>La oferta no se abre<\/p>\n<p><\/button><\/p>\n<p><button><\/p>\n<p>\u00a1Es fraude!<\/p>\n<p><\/button><\/p>\n<p><button><\/p>\n<p>No entiendo que ha sucedido<\/p>\n<p><\/button><\/p>\n<p><button><\/p>\n<p>Otro<\/p>\n<p><\/button><\/p>\n<\/p>\n<p>\u00a1Te agradecemos por tu comentario, nos has ayudado!<\/p>\n<p><p>\u00a0&#8230;REASEGUROS, S.M.E, (CESCE) CONVOCATORIA DE 24 DE MARZO DE 2020 DE PROCESO DE SELECCI\u00d3N PARA CONTRATACI\u00d3N TEMPORAL DE UN PUESTO DE <b>ABOGADO<\/b> GESTI\u00d3N DE COBRO (EN EL MARCO DEL CUPO DE CONTRATACI\u00d3N TEMPORAL AUTORIZADO PARA 2020) AMPLIACI\u00d3N DE PLAZO DE ADMISI\u00d3N DE SOLICITUDES&#8230;\u00a0<\/p>\n<\/p>\n<h2>\n<p><b>Abogado\/<\/b>a<\/p>\n<\/h2>\n<p>\n<\/p>\n<p><p>Adecco selecciona para importante empresa un\/a <b>abogado\/<\/b>a para el departamento de contrataci\u00f3n p\u00fablica.<\/p>\n<p>No vas a tener inconvenientes de comunicaci\u00f3n, ya que, en nuestros d\u00edas el trabajo se efectuar\u00e1 telem\u00e1ticamente desde casa, igualmente al encontrarse en el coraz\u00f3n de Barna si en&#8230;\u00a0<\/p>\n<\/p>\n<h2>\n<p>Se precisa <b>abogado\/<\/b>a<\/p>\n<\/h2>\n<p><p>Se precisa <b>abogado\/<\/b>a en Sevilla, para empresa, EN PLANTILLA trabajo fijo, disponibilidad para viajar, indispensable ingles hablado y escrito, carnet de conducir, con experiencia demostrable y referencias, salario a acordar, incoporacion inmediata, enviar CV. con fotograf\u00eda actual<\/p>\n<\/p>\n<p><p>\u00a0&#8230;DE SELECCI\u00d3N PARA CONTRATACI\u00d3N INDEFINIDA 29 DE MARZO DE BAJO MODALIDAD INTRAADMINSTRATIVA SECRETAR\u00cdA GENERAL Plazas Ofertadas: 1 <b>Abogado<\/b> Especialista en Contrataci\u00f3n P\u00fablica ASGCP &#8211; dos mil diecinueve Va a prestar el asesoramiento jur\u00eddico preciso en cuanto al seguimiento de los procedimientos&#8230;\u00a0<\/p>\n<\/p>\n<h2>\n<p><b>ABOGADO\/<\/b>A LABORAL<\/p>\n<\/h2>\n<p>\n<\/p>\n<p>Adecco<\/p>\n<\/p>\n<p><p>Desde Conjunto Adecco procuramos a\u00f1adir un\/a <b>abogado\/<\/b>a laboralista a un importante despacho jur\u00eddico cuyas oficinas se ubican en la zona centro de Madrid.<\/p>\n<p>Se requiere:<\/p>\n<p>-Capacitaci\u00f3n universitaria en derecho o relaciones laborales.<\/p>\n<p>-Experiencia m\u00ednima de 2 a\u00f1os en un&#8230;\u00a0<\/p>\n<\/p>\n<p><p>\u00a0&#8230;SEGUROS Y REASEGUROS, S.M.E, (CESCE) CONVOCATORIA DE PROCESO DE SELECCI\u00d3N PARA CONTRATACI\u00d3N INDEFINIDA ocho DE OCTUBRE 2019 DE UN PUESTO DE <b>ABOGADO<\/b> DE CONTRATACI\u00d3N P\u00daBLICA* DIRECCI\u00d3N DE SECRETAR\u00cdA GENERAL. ABOGADO CONTRATACI\u00d3N P\u00daBLICA Y LOPD (ACPL &#8211; 2019) Funciones: \uf0b7 Aconsejar a&#8230;\u00a0<\/p>\n<\/p>\n<h2>\n<p>Pr\u00e1cticas en Despacho de <b>Abogados<\/b> en Valencia<\/p>\n<\/h2>\n<p>\n<\/p>\n<p><p>Esencial despacho de <b>abogados<\/b> ubicado en Valencia precisa agregar una persona para su departamento de tramitaciones con tr\u00e1fico.<\/p>\n<p>Descripci\u00f3n del empleo<\/p>\n<p>Lo que vas a hacer<\/p>\n<p>La persona elegida se encargase de prestar apoyo en las siguientes labores.<\/p>\n<p>Redacci\u00f3n&#8230;\u00a0<\/p>\n<\/p>\n<h2>\n<p><b>Abogado\/<\/b>a<\/p>\n<\/h2>\n<p>\n<\/p>\n<p><p>\u00a0&#8230;licenciado en derecho<\/p>\n<p>carn\u00e9 de conducir<\/p>\n<p>conocimientos de euskera<\/p>\n<p>Se ofrece<\/p>\n<p>posibilidad de promoci\u00f3n<\/p>\n<p>horario singular Covid-dieciocho, jornada continua<\/p>\n<p>Trabajo de lunes a viernes<\/p>\n<p>vacaciones siempre y en todo momento en agosto<\/p>\n<p>Etiquetas<\/p>\n<p>experiencia<\/p>\n<p><b>abogado<\/b><\/p>\n<p>colegiado&#8230;\u00a0<\/p>\n<\/p>\n<h2>\n<p>Se requieren <b>abogados<\/b><\/p>\n<\/h2>\n<p><p>Se requieren <b>abogados<\/b> con experiencia en extranjeria, laboralista y penalista. Ingresos inmediatos. Llamar para concertar <a href=\"https:\/\/cacophonyfarm.com\/index.php\/User:SophiaMilano\">pedir cita para nie<\/a>.<\/p>\n<\/p>\n<p><p>\u00a0&#8230;SEGUROS Y REASEGUROS,  cita previa toma huellas larga duracion S.M.E, (CESCE) CONVOCATORIA DE PROCESO DE SELECCI\u00d3N PARA CONTRATACI\u00d3N INDEFINIDA ocho de OCTUBRE 2019 DE UN PUESTO DE <b>ABOGADO<\/b> DE CONTRATACI\u00d3N P\u00daBLICA* RESULTADO DE LA FASE CONCURSO ABOGADO CONTRATACI\u00d3N P\u00daBLICA Y LOPD (ACPL &#8211; dos mil diecinueve) documento de identidad N\u00ba candidato Fase&#8230;\u00a0<\/p><\/p>\n","protected":false},"excerpt":{"rendered":"<p>Se Necesita Urgente: Abogado Inmigracion Resultados de la b\u00fasqueda: Se busca Abogado P\u2026","protected":false},"author":183213,"featured_media":0,"comment_status":"closed","ping_status":"closed","sticky":false,"template":"","format":"standard","meta":{"_s2mail":""},"categories":[1],"tags":[22116],"_links":{"self":[{"href":"http:\/\/yorunoteiou.com\/index.php?rest_route=\/wp\/v2\/posts\/502818"}],"collection":[{"href":"http:\/\/yorunoteiou.com\/index.php?rest_route=\/wp\/v2\/posts"}],"about":[{"href":"http:\/\/yorunoteiou.com\/index.php?rest_route=\/wp\/v2\/types\/post"}],"author":[{"embeddable":true,"href":"http:\/\/yorunoteiou.com\/index.php?rest_route=\/wp\/v2\/users\/183213"}],"replies":[{"embeddable":true,"href":"http:\/\/yorunoteiou.com\/index.php?rest_route=%2Fwp%2Fv2%2Fcomments&post=502818"}],"version-history":[{"count":1,"href":"http:\/\/yorunoteiou.com\/index.php?rest_route=\/wp\/v2\/posts\/502818\/revisions"}],"predecessor-version":[{"id":502819,"href":"http:\/\/yorunoteiou.com\/index.php?rest_route=\/wp\/v2\/posts\/502818\/revisions\/502819"}],"wp:attachment":[{"href":"http:\/\/yorunoteiou.com\/index.php?rest_route=%2Fwp%2Fv2%2Fmedia&parent=502818"}],"wp:term":[{"taxonomy":"category","embeddable":true,"href":"http:\/\/yorunoteiou.com\/index.php?rest_route=%2Fwp%2Fv2%2Fcategories&post=502818"},{"taxonomy":"post_tag","embeddable":true,"href":"http:\/\/yorunoteiou.com\/index.php?rest_route=%2Fwp%2Fv2%2Ftags&post=502818"}],"curies":[{"name":"wp","href":"https:\/\/api.w.org\/{rel}","templated":true}]}}